{"id":47200,"date":"2026-03-11T17:41:08","date_gmt":"2026-03-11T17:41:08","guid":{"rendered":"https:\/\/alvesrasteiro.pt\/?p=47200"},"modified":"2026-03-11T17:41:12","modified_gmt":"2026-03-11T17:41:12","slug":"sadi-o-sistema-nervoso-central-da-seguranca-do-seu-edificio","status":"publish","type":"post","link":"https:\/\/alvesrasteiro.pt\/en\/sadi-o-sistema-nervoso-central-da-seguranca-do-seu-edificio\/","title":{"rendered":"SADI: O sistema nervoso central da seguran\u00e7a do seu edif\u00edcio."},"content":{"rendered":"<h3 class=\"wp-block-heading\"><\/h3>\n\n\n\n<p>Um inc\u00eandio \u00e9 uma corrida contra o tempo. O sucesso da interven\u00e7\u00e3o depende da <strong>precocidade da dete\u00e7\u00e3o<\/strong>. A <strong>Nota T\u00e9cnica n.\u00ba 12 da ANEPC<\/strong> define as regras de ouro para o projeto e instala\u00e7\u00e3o de Sistemas Autom\u00e1ticos de Dete\u00e7\u00e3o de Inc\u00eandio (SADI). Na Alves &amp; Rasteiro, asseguramos que o &#8220;c\u00e9rebro&#8221; do seu edif\u00edcio nunca falhe quando mais precisa.<\/p>\n\n\n\n<h3 class=\"wp-block-heading\">O que comp\u00f5e um SADI (Configura\u00e7\u00e3o Completa)?<\/h3>\n\n\n\n<p>Um sistema robusto n\u00e3o \u00e9 apenas um detetor no teto. Segundo o Artigo 117.\u00ba do RT-SCIE, ele deve integrar:<\/p>\n\n\n\n<ul class=\"wp-block-list\">\n<li><strong>Detetores Autom\u00e1ticos:<\/strong> &#8220;Os olhos&#8221; que v\u00eam o fumo, o calor ou a chama.<\/li>\n\n\n\n<li><strong>Bot\u00f5es de Alarme Manual:<\/strong> Para que qualquer pessoa possa dar o alerta imediato.<\/li>\n\n\n\n<li><strong>Central de Dete\u00e7\u00e3o (CDI):<\/strong> O painel de controlo que processa todos os sinais.<\/li>\n\n\n\n<li><strong>Dispositivos de Alarme:<\/strong> Sirenes e sinalizadores \u00f3ticos para guiar a evacua\u00e7\u00e3o.<\/li>\n\n\n\n<li><strong>Comandos de Seguran\u00e7a:<\/strong> O SADI pode (e deve) fechar portas corta-fogo, comandar elevadores e ativar sistemas de desenfumagem.<\/li>\n<\/ul>\n\n\n\n<h3 class=\"wp-block-heading\">As 3 Configura\u00e7\u00f5es: Qual se aplica ao seu caso?<\/h3>\n\n\n\n<p>A NT 12 divide os sistemas em tr\u00eas n\u00edveis de complexidade, dependendo do uso do edif\u00edcio:<\/p>\n\n\n\n<ol class=\"wp-block-list\">\n<li><strong>Configura\u00e7\u00e3o 1 (Simples):<\/strong> Bot\u00f5es manuais, detetores, central e sirenes. Comum em edif\u00edcios administrativos de baixo risco.<\/li>\n\n\n\n<li><strong>Configura\u00e7\u00e3o 2 (Interm\u00e9dia):<\/strong> Adiciona temporiza\u00e7\u00f5es e comandos autom\u00e1ticos. Exigida em parques de estacionamento e locais de risco C.<\/li>\n\n\n\n<li><strong>Configura\u00e7\u00e3o 3 (Avan\u00e7ada):<\/strong> Prote\u00e7\u00e3o total, alerta autom\u00e1tico para os bombeiros e comandos complexos. Obrigat\u00f3ria em Hospitais, Lares e Grandes Centros Comerciais.<\/li>\n<\/ol>\n\n\n\n<h3 class=\"wp-block-heading\">Pontos Cr\u00edticos da NT 12 que a sua empresa deve saber:<\/h3>\n\n\n\n<ul class=\"wp-block-list\">\n<li><strong>Zonamento:<\/strong> Uma zona de dete\u00e7\u00e3o n\u00e3o deve exceder os <strong>1.600 m\u00b2<\/strong>. Se o sistema der alarme, o operador deve saber exatamente onde est\u00e1 o foco num raio curto de dist\u00e2ncia.<\/li>\n\n\n\n<li><strong>Tetos e Pavimentos Falsos:<\/strong> Sabia que se o teto falso tiver mais de <strong>0,8 m<\/strong> de altura (ou o pavimento mais de <strong>0,2 m<\/strong>) e contiver cablagens, \u00e9 obrigat\u00f3rio ter dete\u00e7\u00e3o l\u00e1 dentro?<\/li>\n\n\n\n<li><strong>A Regra da Vigil\u00e2ncia:<\/strong> Se o seu edif\u00edcio tem vigil\u00e2ncia 24h, a central pode ser programada em modo &#8220;DIA&#8221;, permitindo um tempo para confirma\u00e7\u00e3o antes de disparar o alarme geral, evitando evacua\u00e7\u00f5es desnecess\u00e1rias por falsos alarmes.<\/li>\n<\/ul>\n\n\n\n<h3 class=\"wp-block-heading\">Manuten\u00e7\u00e3o e Explora\u00e7\u00e3o<\/h3>\n\n\n\n<p>Um SADI sem manuten\u00e7\u00e3o \u00e9 uma falsa sensa\u00e7\u00e3o de seguran\u00e7a. A Nota T\u00e9cnica \u00e9 clara:<\/p>\n\n\n\n<ul class=\"wp-block-list\">\n<li><strong>Verifica\u00e7\u00f5es de rotina:<\/strong> Devem ser feitas pelo respons\u00e1vel de seguran\u00e7a do edif\u00edcio.<\/li>\n\n\n\n<li><strong>Manuten\u00e7\u00e3o especializada:<\/strong> Deve ser executada por entidades registadas na ANEPC, como a <strong>Alves &amp; Rasteiro<\/strong>, garantindo que as baterias de socorro e os detetores est\u00e3o operacionais.<\/li>\n<\/ul>\n\n\n\n<h3 class=\"wp-block-heading\">A Alves &amp; Rasteiro ajuda-o a cumprir a norma<\/h3>\n\n\n\n<p>Projetar um SADI exige o equil\u00edbrio entre a sensibilidade (detetar cedo) e a estabilidade (evitar falsos alarmes). N\u00f3s oferecemos:<\/p>\n\n\n\n<ol class=\"wp-block-list\">\n<li><strong>Auditoria t\u00e9cnica<\/strong> \u00e0 instala\u00e7\u00e3o existente.<\/li>\n\n\n\n<li><strong>Dimensionamento de zonas<\/strong> e escolha do tipo de detetor (\u00f3tico, t\u00e9rmico ou chama).<\/li>\n\n\n\n<li><strong>Planos de Manuten\u00e7\u00e3o<\/strong> rigorosos conforme o Cap\u00edtulo 8 da NT 12.<\/li>\n<\/ol>\n\n\n\n<p><strong>O seu sistema est\u00e1 em conformidade ou apenas &#8220;instalado&#8221;?<\/strong><\/p>","protected":false},"excerpt":{"rendered":"<p>Um inc\u00eandio \u00e9 uma corrida contra o tempo. O sucesso da interven\u00e7\u00e3o depende da precocidade da dete\u00e7\u00e3o. A Nota T\u00e9cnica n.\u00ba 12 da ANEPC define as regras de ouro para o projeto e instala\u00e7\u00e3o de Sistemas Autom\u00e1ticos de Dete\u00e7\u00e3o de Inc\u00eandio (SADI). Na Alves &amp; Rasteiro, asseguramos que o &#8220;c\u00e9rebro&#8221; do seu edif\u00edcio nunca falhe [&hellip;]<\/p>","protected":false},"author":10,"featured_media":47201,"comment_status":"open","ping_status":"open","sticky":false,"template":"","format":"standard","meta":{"_acf_changed":false,"footnotes":""},"categories":[85,90],"tags":[],"class_list":["post-47200","post","type-post","status-publish","format-standard","has-post-thumbnail","hentry","category-informacao","category-scie"],"acf":[],"_links":{"self":[{"href":"https:\/\/alvesrasteiro.pt\/en\/wp-json\/wp\/v2\/posts\/47200","targetHints":{"allow":["GET"]}}],"collection":[{"href":"https:\/\/alvesrasteiro.pt\/en\/wp-json\/wp\/v2\/posts"}],"about":[{"href":"https:\/\/alvesrasteiro.pt\/en\/wp-json\/wp\/v2\/types\/post"}],"author":[{"embeddable":true,"href":"https:\/\/alvesrasteiro.pt\/en\/wp-json\/wp\/v2\/users\/10"}],"replies":[{"embeddable":true,"href":"https:\/\/alvesrasteiro.pt\/en\/wp-json\/wp\/v2\/comments?post=47200"}],"version-history":[{"count":0,"href":"https:\/\/alvesrasteiro.pt\/en\/wp-json\/wp\/v2\/posts\/47200\/revisions"}],"wp:featuredmedia":[{"embeddable":true,"href":"https:\/\/alvesrasteiro.pt\/en\/wp-json\/wp\/v2\/media\/47201"}],"wp:attachment":[{"href":"https:\/\/alvesrasteiro.pt\/en\/wp-json\/wp\/v2\/media?parent=47200"}],"wp:term":[{"taxonomy":"category","embeddable":true,"href":"https:\/\/alvesrasteiro.pt\/en\/wp-json\/wp\/v2\/categories?post=47200"},{"taxonomy":"post_tag","embeddable":true,"href":"https:\/\/alvesrasteiro.pt\/en\/wp-json\/wp\/v2\/tags?post=47200"}],"curies":[{"name":"wp","href":"https:\/\/api.w.org\/{rel}","templated":true}]}}