{"id":4597,"date":"2025-12-10T09:00:00","date_gmt":"2025-12-10T09:00:00","guid":{"rendered":"https:\/\/alvesrasteiro.pt\/?p=4597"},"modified":"2025-12-17T08:48:39","modified_gmt":"2025-12-17T08:48:39","slug":"preparacao-para-o-inverno-riscos-de-incendio-e-seguranca-em-edificios","status":"publish","type":"post","link":"https:\/\/alvesrasteiro.pt\/en\/preparacao-para-o-inverno-riscos-de-incendio-e-seguranca-em-edificios\/","title":{"rendered":"Prepara\u00e7\u00e3o para o Inverno: riscos de inc\u00eandio e seguran\u00e7a em edif\u00edcios"},"content":{"rendered":"<p>Com a chegada do inverno, os edif\u00edcios enfrentam novos desafios de seguran\u00e7a. As baixas temperaturas levam ao aumento do uso de aquecedores, lareiras e equipamentos el\u00e9tricos, que, quando utilizados de forma inadequada, podem elevar significativamente o risco de inc\u00eandio.<br>A preven\u00e7\u00e3o torna-se, por isso, essencial para proteger pessoas, patrim\u00f3nio e opera\u00e7\u00f5es.<\/p>\n\n\n\n<p>\u26a0\ufe0f Principais perigos no inverno<br>\ud83d\udd25 Aquecedores e lareiras<\/p>\n\n\n\n<p>O uso de aquecedores port\u00e1teis ou lareiras aumenta a probabilidade de inc\u00eandio, sobretudo quando colocados demasiado pr\u00f3ximos de cortinas, m\u00f3veis ou decora\u00e7\u00f5es.<br>\u27a1\ufe0f Garanta sempre dist\u00e2ncias de seguran\u00e7a e evite deix\u00e1-los ligados sem vigil\u00e2ncia.<\/p>\n\n\n\n<p>\ud83d\udd0c Sobrecarga el\u00e9trica<\/p>\n\n\n\n<p>A utiliza\u00e7\u00e3o intensiva de aquecedores, ilumina\u00e7\u00f5es de Natal e outros equipamentos pode sobrecargar tomadas e extens\u00f5es, originando sobreaquecimento e curto-circuitos.<\/p>\n\n\n\n<p>\u26a1 Fios e equipamentos danificados<\/p>\n\n\n\n<p>O frio fragiliza cabos antigos ou j\u00e1 danificados, aumentando o risco de falhas el\u00e9tricas.<br>\u27a1\ufe0f Uma inspe\u00e7\u00e3o regular evita incidentes simples de prevenir.<\/p>\n\n\n\n<p>\ud83c\udf84 Ac\u00famulo de materiais combust\u00edveis<\/p>\n\n\n\n<p>Decora\u00e7\u00f5es natal\u00edcias, pap\u00e9is e tecidos pr\u00f3ximos de fontes de calor representam uma causa frequente de inc\u00eandio.<br>\u27a1\ufe0f Mantenha os espa\u00e7os limpos, organizados e sem obstru\u00e7\u00f5es.<\/p>\n\n\n\n<p>\ud83d\udee1\ufe0f Dicas pr\u00e1ticas para respons\u00e1veis de seguran\u00e7a e ocupantes<\/p>\n\n\n\n<p>Verifique equipamentos de seguran\u00e7a: confirme o bom funcionamento de extintores, alarmes e sistemas de dete\u00e7\u00e3o de inc\u00eandio.<\/p>\n\n\n\n<p>Mantenha sa\u00eddas de evacua\u00e7\u00e3o desobstru\u00eddas: evite acumular caixas ou materiais que possam bloquear rotas de fuga.<\/p>\n\n\n\n<p>Promova boas pr\u00e1ticas: sensibilize ocupantes para o uso seguro de aquecedores, lareiras e decora\u00e7\u00f5es.<\/p>\n\n\n\n<p>Evite sobrecargas el\u00e9tricas: n\u00e3o ligue v\u00e1rios equipamentos na mesma tomada; verifique extens\u00f5es e cabos.<\/p>\n\n\n\n<p>Implemente rotinas de inspe\u00e7\u00e3o: monitorize sistemas el\u00e9tricos, equipamentos de aquecimento e ilumina\u00e7\u00e3o de emerg\u00eancia.<\/p>\n\n\n\n<p>\ud83d\udd0d Medidas preventivas e inspe\u00e7\u00f5es essenciais<\/p>\n\n\n\n<p>Inspe\u00e7\u00f5es el\u00e9tricas peri\u00f3dicas \u2014 indispens\u00e1veis em edif\u00edcios mais antigos.<\/p>\n\n\n\n<p>Manuten\u00e7\u00e3o de sistemas de aquecimento \u2014 lareiras, caldeiras e aquecedores devem ser limpos e inspecionados antes do inverno.<\/p>\n\n\n\n<p>Atualiza\u00e7\u00e3o das Medidas de Autoprote\u00e7\u00e3o (MAP) \u2014 confirme se continuam adequadas ao uso intensivo da \u00e9poca.<\/p>\n\n\n\n<p>Simulacros adaptados ao inverno \u2014 considere pisos escorregadios, caminhos obstru\u00eddos ou menor luminosidade.<\/p>\n\n\n\n<p>Boa gest\u00e3o de materiais inflam\u00e1veis \u2014 armazene decora\u00e7\u00f5es, l\u00edquidos e gases combust\u00edveis longe de fontes de calor.<\/p>\n\n\n\n<p>\u2744\ufe0f O inverno n\u00e3o tem de ser sin\u00f3nimo de risco<\/p>\n\n\n\n<p>Com planeamento, inspe\u00e7\u00e3o e forma\u00e7\u00e3o, \u00e9 poss\u00edvel reduzir significativamente a probabilidade de inc\u00eandio e garantir a seguran\u00e7a de todos os ocupantes.<\/p>\n\n\n\n<p>A Alves &amp; Rasteiro est\u00e1 dispon\u00edvel para apoiar organiza\u00e7\u00f5es na prepara\u00e7\u00e3o de edif\u00edcios para o inverno, atrav\u00e9s de:<br>\u2714 Consultoria t\u00e9cnica<br>\u2714 Auditorias de SCIE<br>\u2714 Forma\u00e7\u00e3o pr\u00e1tica<br>\u2714 Atualiza\u00e7\u00e3o e implementa\u00e7\u00e3o de Medidas de Autoprote\u00e7\u00e3o<\/p>\n\n\n\n<p>\ud83d\udccc Quer preparar a sua organiza\u00e7\u00e3o para um inverno mais seguro?<br>Contacte-nos e descubra solu\u00e7\u00f5es pr\u00e1ticas, r\u00e1pidas e eficazes.<\/p>","protected":false},"excerpt":{"rendered":"<p>Com a chegada do inverno, os edif\u00edcios enfrentam novos desafios de seguran\u00e7a. As baixas temperaturas levam ao aumento do uso de aquecedores, lareiras e equipamentos el\u00e9tricos, que, quando utilizados de forma inadequada, podem elevar significativamente o risco de inc\u00eandio.A preven\u00e7\u00e3o torna-se, por isso, essencial para proteger pessoas, patrim\u00f3nio e opera\u00e7\u00f5es. \u26a0\ufe0f Principais perigos no inverno\ud83d\udd25 [&hellip;]<\/p>","protected":false},"author":10,"featured_media":4598,"comment_status":"open","ping_status":"open","sticky":false,"template":"","format":"standard","meta":{"_acf_changed":false,"footnotes":""},"categories":[85,90],"tags":[],"class_list":["post-4597","post","type-post","status-publish","format-standard","has-post-thumbnail","hentry","category-informacao","category-scie"],"acf":[],"_links":{"self":[{"href":"https:\/\/alvesrasteiro.pt\/en\/wp-json\/wp\/v2\/posts\/4597","targetHints":{"allow":["GET"]}}],"collection":[{"href":"https:\/\/alvesrasteiro.pt\/en\/wp-json\/wp\/v2\/posts"}],"about":[{"href":"https:\/\/alvesrasteiro.pt\/en\/wp-json\/wp\/v2\/types\/post"}],"author":[{"embeddable":true,"href":"https:\/\/alvesrasteiro.pt\/en\/wp-json\/wp\/v2\/users\/10"}],"replies":[{"embeddable":true,"href":"https:\/\/alvesrasteiro.pt\/en\/wp-json\/wp\/v2\/comments?post=4597"}],"version-history":[{"count":0,"href":"https:\/\/alvesrasteiro.pt\/en\/wp-json\/wp\/v2\/posts\/4597\/revisions"}],"wp:featuredmedia":[{"embeddable":true,"href":"https:\/\/alvesrasteiro.pt\/en\/wp-json\/wp\/v2\/media\/4598"}],"wp:attachment":[{"href":"https:\/\/alvesrasteiro.pt\/en\/wp-json\/wp\/v2\/media?parent=4597"}],"wp:term":[{"taxonomy":"category","embeddable":true,"href":"https:\/\/alvesrasteiro.pt\/en\/wp-json\/wp\/v2\/categories?post=4597"},{"taxonomy":"post_tag","embeddable":true,"href":"https:\/\/alvesrasteiro.pt\/en\/wp-json\/wp\/v2\/tags?post=4597"}],"curies":[{"name":"wp","href":"https:\/\/api.w.org\/{rel}","templated":true}]}}