{"id":4572,"date":"2025-12-04T13:00:00","date_gmt":"2025-12-04T13:00:00","guid":{"rendered":"https:\/\/alvesrasteiro.pt\/?p=4572"},"modified":"2025-12-04T13:31:49","modified_gmt":"2025-12-04T13:31:49","slug":"ser-responsavel-de-seguranca-e-mais-do-que-cumprir-regras","status":"publish","type":"post","link":"https:\/\/alvesrasteiro.pt\/en\/ser-responsavel-de-seguranca-e-mais-do-que-cumprir-regras\/","title":{"rendered":"Ser Respons\u00e1vel de Seguran\u00e7a \u00e9 mais do que cumprir regras."},"content":{"rendered":"<p>Cumprir as normas de autoprote\u00e7\u00e3o n\u00e3o \u00e9 apenas uma obriga\u00e7\u00e3o legal: \u00e9 uma forma de proteger pessoas, salvaguardar patrim\u00f3nio e refor\u00e7ar a seguran\u00e7a da sua organiza\u00e7\u00e3o. O incumprimento destas regras pode resultar em coimas, contraordena\u00e7\u00f5es e, em casos graves, responsabilidades civis ou criminais.<\/p>\n\n\n\n<p><strong>Legal framework<\/strong><br>Desde 1 de janeiro de 2009, a legisla\u00e7\u00e3o portuguesa exige que todos os edif\u00edcios e recintos, novos ou existentes, implementem medidas rigorosas de autoprote\u00e7\u00e3o e gest\u00e3o da seguran\u00e7a.<\/p>\n\n\n\n<p>O Respons\u00e1vel de Seguran\u00e7a tem a responsabilidade de garantir os recursos humanos e materiais necess\u00e1rios para manter as condi\u00e7\u00f5es de seguran\u00e7a aprovadas, executar as medidas de autoprote\u00e7\u00e3o aplic\u00e1veis e assegurar a prote\u00e7\u00e3o dos ocupantes e do patrim\u00f3nio.<\/p>\n\n\n\n<p><strong>Principais \u00e1reas de risco<\/strong><br>As situa\u00e7\u00f5es que podem levar a san\u00e7\u00f5es concentram-se em quatro \u00e1reas principais:<\/p>\n\n\n\n<p><strong>1. Gest\u00e3o documental<\/strong><\/p>\n\n\n\n<ul class=\"wp-block-list\">\n<li>Medidas de Autoprote\u00e7\u00e3o inexistentes, desatualizadas ou inadequadas \u00e0 categoria de risco.<\/li>\n\n\n\n<li>Registos de seguran\u00e7a incompletos ou fora das normas t\u00e9cnicas.<\/li>\n\n\n\n<li>N\u00e3o submiss\u00e3o das Medidas de Autoprote\u00e7\u00e3o \u00e0s entidades competentes, quando exigido.<\/li>\n<\/ul>\n\n\n\n<p><strong>2. Explora\u00e7\u00e3o di\u00e1ria<\/strong><\/p>\n\n\n\n<ul class=\"wp-block-list\">\n<li>Obstru\u00e7\u00e3o de portas resistentes ao fogo e sa\u00eddas de evacua\u00e7\u00e3o.<\/li>\n\n\n\n<li>Altera\u00e7\u00f5es em sistemas de compartimenta\u00e7\u00e3o, materiais ou estruturas que aumentem o risco de inc\u00eandio.<\/li>\n\n\n\n<li>Ocupa\u00e7\u00e3o indevida de zonas de ref\u00fagio ou armazenamento incorreto de l\u00edquidos e gases combust\u00edveis.<\/li>\n<\/ul>\n\n\n\n<p><strong>3. Inspe\u00e7\u00f5es de seguran\u00e7a<\/strong><\/p>\n\n\n\n<ul class=\"wp-block-list\">\n<li>Sinaliza\u00e7\u00e3o de seguran\u00e7a, ilumina\u00e7\u00e3o de emerg\u00eancia, extintores e sistemas de alarme\/dete\u00e7\u00e3o com manuten\u00e7\u00e3o ou funcionamento deficiente.<\/li>\n\n\n\n<li>Plantas de emerg\u00eancia inexistentes ou n\u00e3o afixadas.<\/li>\n\n\n\n<li>Falta de inspe\u00e7\u00f5es regulares e manuten\u00e7\u00e3o das instala\u00e7\u00f5es t\u00e9cnicas e fontes de energia de emerg\u00eancia.<\/li>\n<\/ul>\n\n\n\n<p><strong>4. Forma\u00e7\u00e3o e simulacros<\/strong><\/p>\n\n\n\n<ul class=\"wp-block-list\">\n<li>Equipa de seguran\u00e7a inexistente, incompleta ou sem forma\u00e7\u00e3o adequada.<\/li>\n\n\n\n<li>Aus\u00eancia de forma\u00e7\u00e3o cont\u00ednua em SCIE.<\/li>\n\n\n\n<li>Simulacros realizados fora dos prazos legais.<\/li>\n<\/ul>\n\n\n\n<p><strong>Como a Alves &amp; Rasteiro pode ajudar<\/strong><br>Na Alves &amp; Rasteiro, apoiamos empresas e organiza\u00e7\u00f5es na implementa\u00e7\u00e3o das Medidas de Autoprote\u00e7\u00e3o, prevenindo riscos, coimas e contraordena\u00e7\u00f5es.<\/p>\n\n\n\n<p>Com assessoria especializada e forma\u00e7\u00e3o adequada, garantimos que os Respons\u00e1veis de Seguran\u00e7a est\u00e3o preparados para gerir riscos, proteger pessoas e patrim\u00f3nio e assegurar a conformidade legal da sua organiza\u00e7\u00e3o.<\/p>\n\n\n\n<p><\/p>","protected":false},"excerpt":{"rendered":"<p>Cumprir as normas de autoprote\u00e7\u00e3o n\u00e3o \u00e9 apenas uma obriga\u00e7\u00e3o legal: \u00e9 uma forma de proteger pessoas, salvaguardar patrim\u00f3nio e refor\u00e7ar a seguran\u00e7a da sua organiza\u00e7\u00e3o. O incumprimento destas regras pode resultar em coimas, contraordena\u00e7\u00f5es e, em casos graves, responsabilidades civis ou criminais. Enquadramento legalDesde 1 de janeiro de 2009, a legisla\u00e7\u00e3o portuguesa exige que [&hellip;]<\/p>","protected":false},"author":10,"featured_media":4573,"comment_status":"open","ping_status":"open","sticky":false,"template":"","format":"standard","meta":{"_acf_changed":false,"footnotes":""},"categories":[91,90],"tags":[],"class_list":["post-4572","post","type-post","status-publish","format-standard","has-post-thumbnail","hentry","category-formacao","category-scie"],"acf":[],"_links":{"self":[{"href":"https:\/\/alvesrasteiro.pt\/en\/wp-json\/wp\/v2\/posts\/4572","targetHints":{"allow":["GET"]}}],"collection":[{"href":"https:\/\/alvesrasteiro.pt\/en\/wp-json\/wp\/v2\/posts"}],"about":[{"href":"https:\/\/alvesrasteiro.pt\/en\/wp-json\/wp\/v2\/types\/post"}],"author":[{"embeddable":true,"href":"https:\/\/alvesrasteiro.pt\/en\/wp-json\/wp\/v2\/users\/10"}],"replies":[{"embeddable":true,"href":"https:\/\/alvesrasteiro.pt\/en\/wp-json\/wp\/v2\/comments?post=4572"}],"version-history":[{"count":0,"href":"https:\/\/alvesrasteiro.pt\/en\/wp-json\/wp\/v2\/posts\/4572\/revisions"}],"wp:featuredmedia":[{"embeddable":true,"href":"https:\/\/alvesrasteiro.pt\/en\/wp-json\/wp\/v2\/media\/4573"}],"wp:attachment":[{"href":"https:\/\/alvesrasteiro.pt\/en\/wp-json\/wp\/v2\/media?parent=4572"}],"wp:term":[{"taxonomy":"category","embeddable":true,"href":"https:\/\/alvesrasteiro.pt\/en\/wp-json\/wp\/v2\/categories?post=4572"},{"taxonomy":"post_tag","embeddable":true,"href":"https:\/\/alvesrasteiro.pt\/en\/wp-json\/wp\/v2\/tags?post=4572"}],"curies":[{"name":"wp","href":"https:\/\/api.w.org\/{rel}","templated":true}]}}