{"id":39339,"date":"2026-03-11T17:41:40","date_gmt":"2026-03-11T17:41:40","guid":{"rendered":"https:\/\/alvesrasteiro.pt\/?p=39339"},"modified":"2026-03-11T17:41:44","modified_gmt":"2026-03-11T17:41:44","slug":"o-posto-de-seguranca-e-apenas-uma-sala-ou-o-cerebro-do-edificio","status":"publish","type":"post","link":"https:\/\/alvesrasteiro.pt\/en\/o-posto-de-seguranca-e-apenas-uma-sala-ou-o-cerebro-do-edificio\/","title":{"rendered":"O Posto de Seguran\u00e7a \u00e9 apenas uma sala\u2026 ou o c\u00e9rebro do edif\u00edcio?"},"content":{"rendered":"<p>Quando se fala em Seguran\u00e7a Contra Inc\u00eandio em Edif\u00edcios, o Posto de Seguran\u00e7a (PS) \u00e9 muitas vezes visto apenas como um local com monitores e alarmes.<\/p>\n\n\n\n<p>Na realidade, segundo a <strong>Nota T\u00e9cnica n.\u00ba 20 da ANEPC<\/strong>, trata-se do verdadeiro centro de controlo da seguran\u00e7a do edif\u00edcio.<\/p>\n\n\n\n<h2 class=\"wp-block-heading\">\ud83d\udd0e Centralizar para responder mais r\u00e1pido<\/h2>\n\n\n\n<p>Sempre que exista Posto de Seguran\u00e7a, \u00e9 recomend\u00e1vel que os v\u00e1rios sistemas de seguran\u00e7a estejam <strong>integrados no mesmo local<\/strong>, permitindo uma resposta coordenada em situa\u00e7\u00e3o de emerg\u00eancia.<\/p>\n\n\n\n<p>Entre os sistemas que podem ser centralizados encontram-se:<\/p>\n\n\n\n<ul class=\"wp-block-list\">\n<li>Dete\u00e7\u00e3o autom\u00e1tica de inc\u00eandios<\/li>\n\n\n\n<li>Sistemas de extin\u00e7\u00e3o autom\u00e1tica<\/li>\n\n\n\n<li>Dete\u00e7\u00e3o de gases t\u00f3xicos e combust\u00edveis<\/li>\n\n\n\n<li>Controlo de acessos e dete\u00e7\u00e3o de intrus\u00e3o<\/li>\n\n\n\n<li>CCTV e videovigil\u00e2ncia<\/li>\n\n\n\n<li>Sistemas de megafonia e comandos de evacua\u00e7\u00e3o<\/li>\n\n\n\n<li>Alarmes t\u00e9cnicos<\/li>\n\n\n\n<li>Comunica\u00e7\u00e3o interna e externa<\/li>\n\n\n\n<li>Monitoriza\u00e7\u00e3o de elevadores e escadas rolantes<\/li>\n<\/ul>\n\n\n\n<p>Quanto maior a integra\u00e7\u00e3o, maior a capacidade de decis\u00e3o em tempo real.<\/p>\n\n\n\n<h2 class=\"wp-block-heading\">\ud83d\udc65 O fator humano continua a ser essencial<\/h2>\n\n\n\n<p>O Posto de Seguran\u00e7a deve estar <strong>permanentemente guarnecido durante o per\u00edodo de funcionamento da utiliza\u00e7\u00e3o-tipo<\/strong>.<\/p>\n\n\n\n<p>A Nota T\u00e9cnica recomenda:<\/p>\n\n\n\n<ul class=\"wp-block-list\">\n<li>Presen\u00e7a simult\u00e2nea de <strong>dois ou mais operadores<\/strong><\/li>\n\n\n\n<li>Quando existe apenas um operador, deve haver sistema de controlo com alarme remoto<\/li>\n<\/ul>\n\n\n\n<p>O n\u00famero de operadores deve adequar-se \u00e0 quantidade de informa\u00e7\u00e3o recebida, especialmente ao n\u00famero de monitores e sistemas monitorizados.<\/p>\n\n\n\n<h2 class=\"wp-block-heading\">\ud83e\udded Um espa\u00e7o preparado para gerir crises<\/h2>\n\n\n\n<p>A configura\u00e7\u00e3o do Posto de Seguran\u00e7a deve prever condi\u00e7\u00f5es de apoio aos operadores, incluindo:<\/p>\n\n\n\n<ul class=\"wp-block-list\">\n<li>\u00c1reas de apoio e repouso<\/li>\n\n\n\n<li>Instala\u00e7\u00f5es sanit\u00e1rias e vesti\u00e1rios<\/li>\n\n\n\n<li>Sala de reuni\u00f5es ou <strong>sala de gest\u00e3o de crise<\/strong>, com acesso \u00e0 informa\u00e7\u00e3o em tempo real<\/li>\n<\/ul>\n\n\n\n<p>O controlo de acessos ao pr\u00f3prio Posto de Seguran\u00e7a deve ser definido em fun\u00e7\u00e3o do risco e da vulnerabilidade da sua localiza\u00e7\u00e3o no edif\u00edcio.<\/p>\n\n\n\n<h2 class=\"wp-block-heading\">\ud83e\uddf0 Equipamentos essenciais de apoio<\/h2>\n\n\n\n<p>Para al\u00e9m dos sistemas principais, um Posto de Seguran\u00e7a deve dispor de meios que permitam atuar imediatamente:<\/p>\n\n\n\n<ul class=\"wp-block-list\">\n<li>Chaveiro do edif\u00edcio<\/li>\n\n\n\n<li>Telefones internos e liga\u00e7\u00f5es diretas a bombeiros e for\u00e7as de seguran\u00e7a<\/li>\n\n\n\n<li>Intercomunicadores com zonas cr\u00edticas do edif\u00edcio<\/li>\n\n\n\n<li>Extintores e equipamentos de primeiros socorros<\/li>\n\n\n\n<li>Lanternas e ilumina\u00e7\u00e3o de emerg\u00eancia port\u00e1til<\/li>\n\n\n\n<li>Alimenta\u00e7\u00e3o de socorro<\/li>\n\n\n\n<li>Contactos de emerg\u00eancia e manuten\u00e7\u00e3o<\/li>\n\n\n\n<li>Equipamentos de prote\u00e7\u00e3o para equipas de interven\u00e7\u00e3o<\/li>\n\n\n\n<li>Plano de seguran\u00e7a e plantas de emerg\u00eancia atualizadas<\/li>\n<\/ul>\n\n\n\n<p>\u2705 Um Posto de Seguran\u00e7a bem configurado n\u00e3o serve apenas para vigiar.<\/p>\n\n\n\n<p>Serve para <strong>coordenar, decidir e apoiar a resposta em momentos cr\u00edticos<\/strong>.<\/p>\n\n\n\n<p>At <strong>Alves &amp; Rasteiro<\/strong>, apoiamos entidades na an\u00e1lise e organiza\u00e7\u00e3o dos Postos de Seguran\u00e7a, garantindo que cumprem os requisitos da Seguran\u00e7a Contra Inc\u00eandio em Edif\u00edcios e funcionam eficazmente quando mais \u00e9 necess\u00e1rio.<\/p>","protected":false},"excerpt":{"rendered":"<p>Quando se fala em Seguran\u00e7a Contra Inc\u00eandio em Edif\u00edcios, o Posto de Seguran\u00e7a (PS) \u00e9 muitas vezes visto apenas como um local com monitores e alarmes. Na realidade, segundo a Nota T\u00e9cnica n.\u00ba 20 da ANEPC, trata-se do verdadeiro centro de controlo da seguran\u00e7a do edif\u00edcio. \ud83d\udd0e Centralizar para responder mais r\u00e1pido Sempre que exista [&hellip;]<\/p>","protected":false},"author":10,"featured_media":39340,"comment_status":"open","ping_status":"open","sticky":false,"template":"","format":"standard","meta":{"_acf_changed":false,"footnotes":""},"categories":[85,90],"tags":[],"class_list":["post-39339","post","type-post","status-publish","format-standard","has-post-thumbnail","hentry","category-informacao","category-scie"],"acf":[],"_links":{"self":[{"href":"https:\/\/alvesrasteiro.pt\/en\/wp-json\/wp\/v2\/posts\/39339","targetHints":{"allow":["GET"]}}],"collection":[{"href":"https:\/\/alvesrasteiro.pt\/en\/wp-json\/wp\/v2\/posts"}],"about":[{"href":"https:\/\/alvesrasteiro.pt\/en\/wp-json\/wp\/v2\/types\/post"}],"author":[{"embeddable":true,"href":"https:\/\/alvesrasteiro.pt\/en\/wp-json\/wp\/v2\/users\/10"}],"replies":[{"embeddable":true,"href":"https:\/\/alvesrasteiro.pt\/en\/wp-json\/wp\/v2\/comments?post=39339"}],"version-history":[{"count":0,"href":"https:\/\/alvesrasteiro.pt\/en\/wp-json\/wp\/v2\/posts\/39339\/revisions"}],"wp:featuredmedia":[{"embeddable":true,"href":"https:\/\/alvesrasteiro.pt\/en\/wp-json\/wp\/v2\/media\/39340"}],"wp:attachment":[{"href":"https:\/\/alvesrasteiro.pt\/en\/wp-json\/wp\/v2\/media?parent=39339"}],"wp:term":[{"taxonomy":"category","embeddable":true,"href":"https:\/\/alvesrasteiro.pt\/en\/wp-json\/wp\/v2\/categories?post=39339"},{"taxonomy":"post_tag","embeddable":true,"href":"https:\/\/alvesrasteiro.pt\/en\/wp-json\/wp\/v2\/tags?post=39339"}],"curies":[{"name":"wp","href":"https:\/\/api.w.org\/{rel}","templated":true}]}}